{"id":6164,"__str__":"PF N\u00ba 248/2019 - Processo Financeiro","link_detail_backend":"/docadm/6164","metadata":{},"numero":248,"complemento":"","ano":2019,"data":"2019-09-02","interessado":"LEOVANDO MENDES TEIXEIRA - SUBSECRET\u00c1RIO ADM.","dias_prazo":null,"data_fim_prazo":null,"tramitacao":false,"assunto":"LOCA\u00c7\u00c3O DE 140 CADEIRAS PARA COMPOR AS GALERIAS DO PLEN\u00c1RIO DA C\u00c2MARA MUNICIPAL EM EVENTO INSTITUCIONAL EM PARCERIA COM A PREFEITURA MUNICIPAL E TRIBUNAL DE CONTAS DO ESTADO DE MINAS GERAIS, DURANTE 02 DIAS.","numero_externo":null,"observacao":"","texto_integral":null,"restrito":false,"ip":"","ultima_edicao":null,"tipo":7,"protocolo":8253,"autor":null,"user":null,"anexados":[],"materiasvinculadas":[]}