{"id":10475,"__str__":"OFC N\u00ba 073/2022 - Oficio","link_detail_backend":"/docadm/10475","metadata":{},"numero":73,"complemento":"","ano":2022,"data":"2022-08-15","interessado":"JESU\u00c9 ARA\u00daJO MESQUITA - CASA DE ACOLHIDA","dias_prazo":null,"data_fim_prazo":null,"tramitacao":false,"assunto":"CONVIDA O SENHOR PRESIDENTE E VEREADORES PARA PARTICIPAREM DA CELEBRA\u00c7\u00c3O DO DIA NACIONAL DE LUTA EM DEFESA DA POPULA\u00c7\u00c3O EM SITUA\u00c7\u00c3O DE RUA, A REALIZAR-SE NO DIA 19/08/2022, A PARTIRDAS 08h30.","numero_externo":null,"observacao":"","texto_integral":null,"restrito":false,"ip":"191.240.121.251","ultima_edicao":"2022-08-15T10:19:15.820545-03:00","tipo":2,"protocolo":15321,"autor":null,"user":130,"anexados":[],"materiasvinculadas":[]}