{"id":9195,"__str__":"Projeto de Lei Ordin\u00e1ria n\u00ba 49 de 2016","link_detail_backend":"/materia/9195","metadata":{},"numero":49,"ano":2016,"numero_protocolo":1415,"data_apresentacao":"2016-07-14","tipo_apresentacao":"E","data_publicacao":"2016-07-14","numero_origem_externa":"","ano_origem_externa":null,"data_origem_externa":null,"apelido":"","dias_prazo":null,"data_fim_prazo":null,"em_tramitacao":false,"polemica":false,"objeto":"","complementar":false,"ementa":"DISP\u00d5E SOBRE A CRIA\u00c7\u00c3O DO DIA MUNICIPAL DO P\u00c3O DE QUEIJO E D\u00c1 OUTRAS PROVID\u00caNCIAS.\r\n\r\n","indexacao":"DISP\u00d5E SOBRE A CRIA\u00c7\u00c3O DO DIA MUNICIPAL DO P\u00c3O DE QUEIJO E D\u00c1 OUTRAS PROVID\u00caNCIAS.\r\n","observacao":"PL N.\u00ba49/2016   AUTORIA VEREADORA MARLI RIBEIRO","resultado":"","texto_original":null,"data_ultima_atualizacao":"2018-05-25T14:49:59.642651-03:00","ip":"","ultima_edicao":null,"tipo":1,"regime_tramitacao":1,"tipo_origem_externa":null,"local_origem_externa":null,"user":null,"anexadas":[],"autores":[240]}