{"id":9052,"__str__":"Projeto de Lei Ordin\u00e1ria n\u00ba 26 de 2016","link_detail_backend":"/materia/9052","metadata":{},"numero":26,"ano":2016,"numero_protocolo":991,"data_apresentacao":"2016-05-02","tipo_apresentacao":"E","data_publicacao":"2016-05-03","numero_origem_externa":"13","ano_origem_externa":2016,"data_origem_externa":"2016-04-27","apelido":"","dias_prazo":null,"data_fim_prazo":null,"em_tramitacao":false,"polemica":false,"objeto":"","complementar":false,"ementa":"AUTORIZA A ABERTURA DE CR\u00c9DITO ADICIONAL SUPLEMENTAR ESPECIAL E D\u00c1 OUTRAS PROVID\u00caNCIAS.","indexacao":"UTORIZA A ABERTURA DE CR\u00c9DITO ADICIONAL SUPLEMENTAR ESPECIAL E D\u00c1 OUTRAS PROVID\u00caNCIAS","observacao":"PL N.\u00ba26/2016 AUTORIA PREFEITO OLAVO REM\u00cdGIO COND\u00c9","resultado":"","texto_original":null,"data_ultima_atualizacao":"2018-05-25T14:49:59.633569-03:00","ip":"","ultima_edicao":null,"tipo":1,"regime_tramitacao":1,"tipo_origem_externa":10,"local_origem_externa":1,"user":null,"anexadas":[],"autores":[233]}