{"id":4705,"__str__":"Requerimento n\u00ba 251 de 2012","link_detail_backend":"/materia/4705","metadata":{},"numero":251,"ano":2012,"numero_protocolo":null,"data_apresentacao":"2012-10-11","tipo_apresentacao":"E","data_publicacao":null,"numero_origem_externa":"","ano_origem_externa":null,"data_origem_externa":null,"apelido":"","dias_prazo":null,"data_fim_prazo":null,"em_tramitacao":true,"polemica":false,"objeto":"","complementar":false,"ementa":"REQUER, OUVIDO O PLEN\u00c1RIO SEJA OFICIADO O PREFEITO MUNICIPAL PARA QUE DETERMINE A CONSTRU\u00c7\u00c3O DE UMA EST\u00c1TUA EM HOMENAGEM AO PARACATUENSE JOAQUIM BENEDITO BARBOSA GOMES, MINISTRO DO STF, NA PRA\u00c7A FIRMINA SANTANA , CENTRO.","indexacao":"CONSTRU\u00c7\u00c3O EST\u00c1TUA HOMENAGEM MINISTRO STF - JOAQUIM BENEDITO BARBOSA GOMES- PRA\u00c7A FIRMINA SANTANA CENTRO","observacao":"AUTOR: VEREADOR JOS\u00c9 MARIA COIMBRA","resultado":"","texto_original":"http://sapl.paracatu.mg.leg.br/media/sapl/public/materialegislativa/2012/4705/4705_texto_integral.pdf","data_ultima_atualizacao":"2018-05-25T14:52:31.372195-03:00","ip":"","ultima_edicao":null,"tipo":3,"regime_tramitacao":1,"tipo_origem_externa":null,"local_origem_externa":null,"user":null,"anexadas":[],"autores":[225]}