{"id":2772,"__str__":"Mo\u00e7\u00e3o n\u00ba 3 de 2009","link_detail_backend":"/materia/2772","metadata":{},"numero":3,"ano":2009,"numero_protocolo":null,"data_apresentacao":"2009-04-27","tipo_apresentacao":"E","data_publicacao":null,"numero_origem_externa":"","ano_origem_externa":null,"data_origem_externa":null,"apelido":"","dias_prazo":null,"data_fim_prazo":null,"em_tramitacao":true,"polemica":false,"objeto":"","complementar":false,"ementa":"SUGERE \u00c0 MESA DA C\u00c2MARA MANIFESTA\u00c7\u00c3O DE REGOZIJO DA C\u00c2MARA MUNICIPAL DE PARACATU \u00c0 LOJA MA\u00c7\u00d4NICA AMOR E JUSTI\u00c7A PELA COMEMORA\u00c7\u00c3O DOS SEUS 25 (VINTE E CINCO) ANOS DE FUNCIONAMENTO. ","indexacao":"","observacao":"MOC N.\u00ba 003/2009 AUTORIA VEREADOR JO\u00c3O MACEDO.","resultado":"","texto_original":"http://sapl.paracatu.mg.leg.br/media/sapl/public/materialegislativa/2009/2772/2772_texto_integral.pdf","data_ultima_atualizacao":"2018-05-25T14:51:03.711944-03:00","ip":"","ultima_edicao":null,"tipo":7,"regime_tramitacao":1,"tipo_origem_externa":null,"local_origem_externa":null,"user":null,"anexadas":[],"autores":[194]}