{"id":22057,"__str__":"Projeto de Lei Ordin\u00e1ria n\u00ba 164 de 2025","link_detail_backend":"/materia/22057","metadata":{},"numero":164,"ano":2025,"numero_protocolo":null,"data_apresentacao":"2025-09-29","tipo_apresentacao":"E","data_publicacao":null,"numero_origem_externa":"","ano_origem_externa":null,"data_origem_externa":null,"apelido":"","dias_prazo":null,"data_fim_prazo":null,"em_tramitacao":false,"polemica":false,"objeto":"","complementar":false,"ementa":"INSTITUI NO \u00c2MBITO DO PODER LEGISLATIVO MUNICIPAL A GRATIFICA\u00c7\u00c3O ESPECIAL DE FUN\u00c7\u00c3O \u2013 GEF AO AGENTE DE CONTRATA\u00c7\u00c3O, PREGOEIRO, EQUIPE DE APOIO E COMISS\u00c3O DE CONTRATA\u00c7\u00c3O.","indexacao":"INSTITUI PODER LEGISLATIVO GRATIFICA\u00c7\u00c3O ESPECIAL FUN\u00c7\u00c3O GEF","observacao":"","resultado":"","texto_original":null,"data_ultima_atualizacao":"2025-10-22T17:32:35.984397-03:00","ip":"191.240.93.122","ultima_edicao":"2025-09-30T16:39:49.774472-03:00","tipo":1,"regime_tramitacao":1,"tipo_origem_externa":null,"local_origem_externa":null,"user":153,"anexadas":[],"autores":[247]}