{"id":21923,"__str__":"Mo\u00e7\u00e3o n\u00ba 14 de 2025","link_detail_backend":"/materia/21923","metadata":{},"numero":14,"ano":2025,"numero_protocolo":null,"data_apresentacao":"2025-08-26","tipo_apresentacao":"E","data_publicacao":null,"numero_origem_externa":"","ano_origem_externa":null,"data_origem_externa":null,"apelido":"","dias_prazo":null,"data_fim_prazo":null,"em_tramitacao":true,"polemica":false,"objeto":"","complementar":false,"ementa":"SUGERE MANIFESTA\u00c7\u00c3O DE REGOZIJO DA C\u00c2MARA MUNICIPAL DE PARACATU \u00c0 SENHORA IRENI DE SOUSA GON\u00c7ALVES DIAS, EM RECONHECIMENTO \u00c0 SUA NOT\u00c1VEL TRAJET\u00d3RIA DE VIDA MARCADA PELA SUPERA\u00c7\u00c3O, PELA DEDICA\u00c7\u00c3O INCANS\u00c1VEL AO TRABALHO E PELO COMPROMISSO INABAL\u00c1VEL COM A PRESTA\u00c7\u00c3O DE SERVI\u00c7OS, EM PROL DA COMUNIDADE DE FORMA EXEMPLAR E HUMANIZADA.","indexacao":"MANIFESTA\u00c7\u00c3O REGOZIJO SENHORA IRENI DE SOUSA GON\u00c7ALVES DIAS","observacao":"","resultado":"","texto_original":null,"data_ultima_atualizacao":"2025-11-03T16:37:37.682088-03:00","ip":"191.240.93.122","ultima_edicao":"2025-10-06T16:03:33.124749-03:00","tipo":7,"regime_tramitacao":1,"tipo_origem_externa":null,"local_origem_externa":null,"user":59,"anexadas":[],"autores":[251]}