{"id":21369,"__str__":"Requerimento n\u00ba 1704 de 2025","link_detail_backend":"/materia/21369","metadata":{},"numero":1704,"ano":2025,"numero_protocolo":2856,"data_apresentacao":"2025-06-23","tipo_apresentacao":"E","data_publicacao":null,"numero_origem_externa":"","ano_origem_externa":null,"data_origem_externa":null,"apelido":"","dias_prazo":null,"data_fim_prazo":null,"em_tramitacao":true,"polemica":false,"objeto":"","complementar":false,"ementa":"SOLICITA AO EXECUTIVO INFORMA\u00c7\u00d5ES SOBRE A PRA\u00c7A LOCALIZADA ENTRE A ALAMEDA DOS L\u00cdRIOS E A ALAMEDA DAS AC\u00c1CIAS NO BAIRRO CIDADE JARDIM","indexacao":"","observacao":"","resultado":"","texto_original":null,"data_ultima_atualizacao":"2025-06-23T10:17:24.443435-03:00","ip":"191.240.93.122","ultima_edicao":"2025-06-23T10:17:24.442038-03:00","tipo":3,"regime_tramitacao":1,"tipo_origem_externa":null,"local_origem_externa":null,"user":148,"anexadas":[],"autores":[306]}