{"id":21056,"__str__":"Requerimento n\u00ba 1451 de 2025","link_detail_backend":"/materia/21056","metadata":{},"numero":1451,"ano":2025,"numero_protocolo":2337,"data_apresentacao":"2025-05-14","tipo_apresentacao":"E","data_publicacao":null,"numero_origem_externa":"","ano_origem_externa":null,"data_origem_externa":null,"apelido":"","dias_prazo":null,"data_fim_prazo":null,"em_tramitacao":true,"polemica":false,"objeto":"","complementar":false,"ementa":"SOLICITA AO EXECUTIVO, NOS TERMOS DO REQUERIMENTO N\u00ba 974, A IMPLEMENTA\u00c7\u00c3O DE UMA POL\u00cdTICA ASSISTENCIAL INTEGRADA \u00c0 PESSOA COM ALZHEIMER NO \u00c2MBITO DO MUNIC\u00cdPIO DE PARACATU.","indexacao":"","observacao":"","resultado":"","texto_original":"http://sapl.paracatu.mg.leg.br/media/sapl/public/materialegislativa/2025/21056/rqn_1451.pdf","data_ultima_atualizacao":"2025-05-29T17:44:17.284975-03:00","ip":"191.240.93.122","ultima_edicao":"2025-05-29T17:44:17.103802-03:00","tipo":3,"regime_tramitacao":1,"tipo_origem_externa":null,"local_origem_externa":null,"user":149,"anexadas":[],"autores":[307]}