{"id":20960,"__str__":"Requerimento n\u00ba 1363 de 2025","link_detail_backend":"/materia/20960","metadata":{},"numero":1363,"ano":2025,"numero_protocolo":2133,"data_apresentacao":"2025-04-28","tipo_apresentacao":"E","data_publicacao":null,"numero_origem_externa":"","ano_origem_externa":null,"data_origem_externa":null,"apelido":"","dias_prazo":null,"data_fim_prazo":null,"em_tramitacao":true,"polemica":false,"objeto":"","complementar":false,"ementa":"SOLICITA AO EXECUTIVO A CRIA\u00c7\u00c3O DA FEIRA MUNICIPAL DE NEG\u00d3CIOS, COM FOCO ESPECIAL NO SETOR DE COM\u00c9RCIO E SERVI\u00c7OS.","indexacao":"","observacao":"REQUERIMENTO DE DUPLICIDADE COM O RQN 208/2025, DE AUTORIA DO VEREADOR MANOEL ALVES.","resultado":"","texto_original":"http://sapl.paracatu.mg.leg.br/media/sapl/public/materialegislativa/2025/20960/req_1363.pdf","data_ultima_atualizacao":"2025-05-08T16:53:32.016150-03:00","ip":"191.240.93.122","ultima_edicao":"2025-05-08T16:53:31.863294-03:00","tipo":3,"regime_tramitacao":1,"tipo_origem_externa":null,"local_origem_externa":null,"user":153,"anexadas":[],"autores":[301]}