{"id":20422,"__str__":"Projeto de Lei Ordin\u00e1ria n\u00ba 22 de 2025","link_detail_backend":"/materia/20422","metadata":{},"numero":22,"ano":2025,"numero_protocolo":null,"data_apresentacao":"2025-01-28","tipo_apresentacao":"","data_publicacao":null,"numero_origem_externa":"","ano_origem_externa":null,"data_origem_externa":null,"apelido":"","dias_prazo":null,"data_fim_prazo":null,"em_tramitacao":false,"polemica":false,"objeto":"","complementar":false,"ementa":"INSTITUI, NO \u00c2MBITO DO MUNIC\u00cdPIO DE PARACATU, O M\u00caS \u201cABRIL LARANJA\u201d, DEDICADO A A\u00c7\u00d5ES DE CONSCIENTIZA\u00c7\u00c3O E PREVEN\u00c7\u00c3O DE AMPUTA\u00c7\u00d5ES E INCLUS\u00c3O E VALORIZA\u00c7\u00c3O DAS PESSOAS COM MEMBROS AMPUTADOS.","indexacao":"INSTITUI M\u00caS ABRIL LARANJA A\u00c7\u00d5ES CONSCIENTIZA\u00c7\u00c3O PREVEN\u00c7\u00c3O AMPUTA\u00c7\u00d5ES INCLUS\u00c3O VALORIZA\u00c7\u00c3O PESSOAS MEMBROS AMPUTADOS","observacao":"","resultado":"","texto_original":null,"data_ultima_atualizacao":"2025-05-26T16:59:31.990530-03:00","ip":"191.240.93.122","ultima_edicao":"2025-02-21T14:06:28.629229-03:00","tipo":1,"regime_tramitacao":1,"tipo_origem_externa":null,"local_origem_externa":null,"user":153,"anexadas":[],"autores":[257]}