{"id":19036,"__str__":"Projeto de Lei Complementar n\u00ba 5 de 2024","link_detail_backend":"/materia/19036","metadata":{},"numero":5,"ano":2024,"numero_protocolo":null,"data_apresentacao":"2024-03-25","tipo_apresentacao":"E","data_publicacao":null,"numero_origem_externa":"","ano_origem_externa":null,"data_origem_externa":null,"apelido":"","dias_prazo":null,"data_fim_prazo":null,"em_tramitacao":false,"polemica":false,"objeto":"","complementar":true,"ementa":"ALTERA A LEI COMPLEMENTAR N\u00ba 149, DE 23 DE DEZEMBRO DE 2021, COM VISTAS \u00c0 REESTRUTURA\u00c7\u00c3O E READEQUA\u00c7\u00c3O DOS CARGOS DE DIRETOR DE CRECHE E DIRETOR DE PR\u00c9-ESCOLA.","indexacao":"ALTERA LEI COMPLEMENTAR 149 REESTRUTURA\u00c7\u00c3O READEQUA\u00c7\u00c3O CARGOS DIRETOR CRECHE DIRETOR PR\u00c9-ESCOLA","observacao":"","resultado":"","texto_original":null,"data_ultima_atualizacao":"2024-04-08T14:09:58.797093-03:00","ip":"191.240.54.89","ultima_edicao":"2024-03-25T16:29:53.156911-03:00","tipo":5,"regime_tramitacao":1,"tipo_origem_externa":null,"local_origem_externa":null,"user":97,"anexadas":[],"autores":[291]}