{"id":16660,"__str__":"Requerimento n\u00ba 653 de 2023","link_detail_backend":"/materia/16660","metadata":{},"numero":653,"ano":2023,"numero_protocolo":744,"data_apresentacao":"2023-01-24","tipo_apresentacao":"","data_publicacao":null,"numero_origem_externa":"","ano_origem_externa":null,"data_origem_externa":null,"apelido":"","dias_prazo":null,"data_fim_prazo":null,"em_tramitacao":true,"polemica":false,"objeto":"","complementar":false,"ementa":"SOLICITA AO PODER EXECUTIVO A MANUTEN\u00c7\u00c3O OU EFETIVA AQUISI\u00c7\u00c3O DOS ITENS PARA \u00c1REA EXTERNA, ESTRUTURA E COBERTURA PARA O PARQUINHO DA CRECHE MUNICIPAL S\u00c3O FRANSCISCO DE ASSIS, LOCALIZADA \u00c0 RUA FRANCISCO MENH\u00d4, BAIRRO BELA VISTA.","indexacao":"","observacao":"","resultado":"","texto_original":"http://sapl.paracatu.mg.leg.br/media/sapl/public/materialegislativa/2023/16660/rqn_653.pdf","data_ultima_atualizacao":"2023-03-09T17:06:25.780803-03:00","ip":"191.53.168.86","ultima_edicao":"2023-03-09T17:06:25.683101-03:00","tipo":3,"regime_tramitacao":1,"tipo_origem_externa":null,"local_origem_externa":null,"user":60,"anexadas":[],"autores":[280]}