{"id":16119,"__str__":"Requerimento n\u00ba 113 de 2023","link_detail_backend":"/materia/16119","metadata":{},"numero":113,"ano":2023,"numero_protocolo":176,"data_apresentacao":"2023-01-12","tipo_apresentacao":"","data_publicacao":null,"numero_origem_externa":"","ano_origem_externa":null,"data_origem_externa":null,"apelido":"","dias_prazo":null,"data_fim_prazo":null,"em_tramitacao":true,"polemica":false,"objeto":"","complementar":false,"ementa":"SOLICITA AO PODER EXECUTIVO JUNTO AO \u00d3RG\u00c3O COMPETENTE O ESTUDO E AN\u00c1LISE PARA INSTALA\u00c7\u00c3O DE SEM\u00c1FORO NA RUA DR. S\u00c9RGIO ULH\u00d4A COM A PRA\u00c7A JUSCELINO KUBITSCHEK / PRA\u00c7A MATRIZ, ESQUINA COM A C\u00c2MARA MUNIICIPAL.","indexacao":"","observacao":"","resultado":"","texto_original":"http://sapl.paracatu.mg.leg.br/media/sapl/public/materialegislativa/2023/16119/rqn_113.pdf","data_ultima_atualizacao":"2023-02-27T14:45:56.930080-03:00","ip":"191.53.139.16","ultima_edicao":"2023-02-27T14:45:56.848380-03:00","tipo":3,"regime_tramitacao":1,"tipo_origem_externa":null,"local_origem_externa":null,"user":139,"anexadas":[],"autores":[289]}