{"id":1489,"__str__":"Projeto de Lei Ordin\u00e1ria n\u00ba 25 de 1991","link_detail_backend":"/materia/1489","metadata":{},"numero":25,"ano":1991,"numero_protocolo":null,"data_apresentacao":"1991-05-07","tipo_apresentacao":"E","data_publicacao":null,"numero_origem_externa":"","ano_origem_externa":null,"data_origem_externa":null,"apelido":"","dias_prazo":null,"data_fim_prazo":null,"em_tramitacao":false,"polemica":false,"objeto":"","complementar":false,"ementa":"AUTORIZA O PODER EXECUTIVO MUNICIPAL DE PARACATU A CELEBRAR CONV\u00caNIO COM O MINIST\u00c9RIO DE EDUCA\u00c7\u00c3O, JUNTO AO FUNDO NACIONAL DE DESENVOLVIMENTO DA EDUCA\u00c7\u00c3O, PARA CONSTRU\u00c7\u00c3O E INSTALA\u00c7\u00c3O DE UMA ESCOLA AGR\u00cdCOLA NESTE MUNIC\u00cdPIO.","indexacao":"AUTORIZA\u00c7\u00c3O EXECUTIVO CELEBRA\u00c7\u00c3O CONV\u00caNIO MINIST\u00c9RIO EDUCA\u00c7\u00c3O FNDE CONSTRU\u00c7\u00c3O INSTALA\u00c7\u00c3O ESCOLA AGR\u00cdCOLA","observacao":"PL N.\u00ba 25/1991 AUTORIA VEREADORES VALD\u00ca VALTA VIEIRA DE FARIA E OUTROS.","resultado":"","texto_original":null,"data_ultima_atualizacao":"2018-05-25T14:49:59.133789-03:00","ip":"","ultima_edicao":null,"tipo":1,"regime_tramitacao":1,"tipo_origem_externa":null,"local_origem_externa":null,"user":null,"anexadas":[],"autores":[190,180,176,177,186,173,202,7,197,179,17,181,189,167,170]}