{"id":13799,"__str__":"Requerimento n\u00ba 770 de 2021","link_detail_backend":"/materia/13799","metadata":{},"numero":770,"ano":2021,"numero_protocolo":1314,"data_apresentacao":"2021-07-02","tipo_apresentacao":"","data_publicacao":null,"numero_origem_externa":"","ano_origem_externa":null,"data_origem_externa":null,"apelido":"","dias_prazo":null,"data_fim_prazo":null,"em_tramitacao":true,"polemica":false,"objeto":"","complementar":false,"ementa":"SOLICITA AO PODER EXECUTIVO INFORMA\u00c7\u00d5ES SOBRE QUAL SEC. EST\u00c1 ENCARREGADA POR GERENCIAR E FISCALIZAR AS OBRAS DE REVITALIZA\u00c7\u00c3O DA PRA\u00c7A DO SANTANA, O NOME DA CONSTRUTORA RESPONS\u00c1VEL POR REALIZAR O SERVI\u00c7O.","indexacao":"","observacao":"RETIRADA DE TRAMITA\u00c7\u00c3O \u00c0 PEDIDO DO AUTOR POR PERDA DO OBJETO.","resultado":"","texto_original":"http://sapl.paracatu.mg.leg.br/media/sapl/public/materialegislativa/2021/13799/rqn_770.pdf","data_ultima_atualizacao":"2023-01-11T16:52:50.834985-03:00","ip":"191.53.168.69","ultima_edicao":"2023-01-11T16:52:14.168076-03:00","tipo":3,"regime_tramitacao":1,"tipo_origem_externa":null,"local_origem_externa":null,"user":60,"anexadas":[],"autores":[249]}