{"id":1265,"__str__":"Projeto de Lei Ordin\u00e1ria n\u00ba 51 de 1993","link_detail_backend":"/materia/1265","metadata":{},"numero":51,"ano":1993,"numero_protocolo":null,"data_apresentacao":"1993-09-13","tipo_apresentacao":"E","data_publicacao":null,"numero_origem_externa":"","ano_origem_externa":null,"data_origem_externa":null,"apelido":"","dias_prazo":null,"data_fim_prazo":null,"em_tramitacao":false,"polemica":false,"objeto":"","complementar":false,"ementa":"DISP\u00d5E SOBRE O APOIO E ASSIST\u00caNCIA \u00c0 PESSOA DEFICIENTE E D\u00c1 OUTRAS PROVID\u00caNCIAS.","indexacao":"ESTABELECE POLITICA APOIO ASSISTENCIA PESSOA PORTADOR DEFICI\u00caNCIA EDUCA\u00c7\u00c3O ESPECIAL PREVEN\u00c7\u00c3O TREINAMENTO TRABALHO ACESSO EDIFICIO REABILITA\u00c7\u00c3O MEDICA JURIDICA ESPORTE","observacao":"PL N.\u00ba 51/1993 AUTORIA VEREADORES ALMIR CRIST\u00d3V\u00c3O CARDOSO E OUTROS.","resultado":"","texto_original":null,"data_ultima_atualizacao":"2018-05-25T14:49:59.118896-03:00","ip":"","ultima_edicao":null,"tipo":1,"regime_tramitacao":1,"tipo_origem_externa":null,"local_origem_externa":null,"user":null,"anexadas":[],"autores":[200,28,188]}