{"id":11631,"__str__":"Requerimento n\u00ba 451 de 2019","link_detail_backend":"/materia/11631","metadata":{},"numero":451,"ano":2019,"numero_protocolo":1300,"data_apresentacao":"2019-06-03","tipo_apresentacao":"","data_publicacao":null,"numero_origem_externa":"","ano_origem_externa":null,"data_origem_externa":null,"apelido":"","dias_prazo":null,"data_fim_prazo":null,"em_tramitacao":true,"polemica":null,"objeto":"","complementar":null,"ementa":"SOLICITA AO PODER EXECUTIVO INFORMA\u00c7\u00c3O SE FOI ABERTO PROCESSO ADMINISTRATIVO PARA APURA\u00c7\u00c3O DE NEGLIG\u00caNCIA OU N\u00c3O, NO RECEBIMENTO, NA ORGANIZA\u00c7\u00c3O DA DOCUMENTA\u00c7\u00c3O E NA UTILIZA\u00c7\u00c3O DO VE\u00cdCULO GRAND SIENA ESSENCE 1.6 16V FLEX, EXISTINDO O PROCESSO SOLICITO INFORMAR DATA DE ABERTURA E N\u00ba E FORNECER C\u00d3PIA DO MESMO.","indexacao":"","observacao":"","resultado":"","texto_original":"http://sapl.paracatu.mg.leg.br/media/sapl/public/materialegislativa/2019/11631/rqn_451.pdf","data_ultima_atualizacao":"2019-07-11T15:12:53.373058-03:00","ip":"191.53.43.95","ultima_edicao":null,"tipo":3,"regime_tramitacao":1,"tipo_origem_externa":null,"local_origem_externa":null,"user":59,"anexadas":[],"autores":[250]}